{"id":1241,"date":"2019-09-23T18:06:43","date_gmt":"2019-09-23T18:06:43","guid":{"rendered":"https:\/\/www.framici.de\/?p=1241"},"modified":"2025-03-01T18:02:30","modified_gmt":"2025-03-01T18:02:30","slug":"besuch-aus-valmadrera-vom-20-23-september-2019","status":"publish","type":"post","link":"https:\/\/www.framici.de\/?p=1241","title":{"rendered":"Besuch aus Valmadrera vom 20.-23. September 2019"},"content":{"rendered":"<p>Anl\u00e4sslich des \u201eEssens der Nationen\u201c am 22. September hatte unser Wei\u00dfenhorner Verein \u201eFreunde Valmadreras e.V.\u201c eine insgesamt 37 Frau\/Mann starke Gruppe aus der Partnerstadt zu Besuch.<\/p>\n<p>Allein die Berufsfachschule \u201eCFP Aldo Moro\u201c war mit 21 Sch\u00fclern\/-innen und 5 Lehrkr\u00e4ften gut vertreten. Dazu kamen 8 Mitglieder des italienischen \u201eGemellagio\u201c Teams sowie der neue B\u00fcrgermeister von Valmadrera, Antonio Rusconi, seine Stellvertreterin, Raffaella Brioni, und der junge Referent f\u00fcr Kultur und Sport, Marcello Butti.<\/p>\n<p>Auf einen offiziellen Empfang im Rathaus folgte am Samstagabend ein von den Aldo Moro Kochsch\u00fclern und ihren K\u00fcchenchefs hervorragend bekochter italienischer Abend in der St\u00e4dtischen Realschule, bei welchem auch die Service-Azubis ihre F\u00e4higkeiten zeigen konnten.<\/p>\n<p>Den Abschluss bildete eine von der \u201eCFP Aldo Moro\u201c lecker best\u00fcckte Markth\u00fctte beim \u201eEssen der Nationen\u201c am Sonntag. Nachdem die VIPs schon im Laufe des Sonntags mehr oder weniger auff\u00e4llig abgereist waren, erfolgte am Montagmorgen bei Regen \u2013 sogar der Himmel weinte \u2013 ein herzlicher Abschied von unseren Freunden, den Lehrkr\u00e4ften der \u201eAldo Moro\u201c und ihren Sch\u00fclern. Letztere waren alle bei Wei\u00dfenhorner Gastgebern untergebracht.<\/p>\n<p>Getr\u00f6stet hat uns nur die gegenseitige Versicherung uns baldm\u00f6glichst wieder zu treffen, sei es nun in Valmadrera oder in Wei\u00dfenhorn. Bis dahin bleibt uns nichts anderes \u00fcbrig, als&nbsp;in Erinnerungen zu schwelgen.<\/p>\n<p>Ursula Schramm<\/p>\n","protected":false},"excerpt":{"rendered":"<p>Anl\u00e4sslich des \u201eEssens der Nationen\u201c am 22. September hatte unser Wei\u00dfenhorner Verein \u201eFreunde Valmadreras e.V.\u201c eine insgesamt 37 Frau\/Mann starke Gruppe aus der Partnerstadt zu Besuch. Allein die Berufsfachschule \u201eCFP Aldo Moro\u201c war mit 21 Sch\u00fclern\/-innen und 5 Lehrkr\u00e4ften gut vertreten. Dazu kamen 8 Mitglieder des italienischen \u201eGemellagio\u201c Teams sowie der neue B\u00fcrgermeister von Valmadrera, Antonio Rusconi, seine Stellvertreterin, Raffaella Brioni, und der junge Referent f\u00fcr Kultur und Sport, Marcello <a class=\"more-link\" href=\"https:\/\/www.framici.de\/?p=1241\">Weiterlesen\u00a0\u2026<\/a><\/p>\n","protected":false},"author":1,"featured_media":0,"comment_status":"closed","ping_status":"closed","sticky":false,"template":"","format":"standard","meta":{"ngg_post_thumbnail":0,"footnotes":""},"categories":[1,88],"tags":[90,92,97,50,98,95,40,91,49],"class_list":["post-1241","post","type-post","status-publish","format-standard","hentry","category-uncategorized","category-berichte-vor-2022","tag-deutschland","tag-evento","tag-gaeste","tag-gemellaggio","tag-ospiti","tag-serata","tag-staedtepartnerschaft","tag-veranstaltung","tag-weissenhorn"],"_links":{"self":[{"href":"https:\/\/www.framici.de\/index.php?rest_route=\/wp\/v2\/posts\/1241","targetHints":{"allow":["GET"]}}],"collection":[{"href":"https:\/\/www.framici.de\/index.php?rest_route=\/wp\/v2\/posts"}],"about":[{"href":"https:\/\/www.framici.de\/index.php?rest_route=\/wp\/v2\/types\/post"}],"author":[{"embeddable":true,"href":"https:\/\/www.framici.de\/index.php?rest_route=\/wp\/v2\/users\/1"}],"replies":[{"embeddable":true,"href":"https:\/\/www.framici.de\/index.php?rest_route=%2Fwp%2Fv2%2Fcomments&post=1241"}],"version-history":[{"count":4,"href":"https:\/\/www.framici.de\/index.php?rest_route=\/wp\/v2\/posts\/1241\/revisions"}],"predecessor-version":[{"id":9183,"href":"https:\/\/www.framici.de\/index.php?rest_route=\/wp\/v2\/posts\/1241\/revisions\/9183"}],"wp:attachment":[{"href":"https:\/\/www.framici.de\/index.php?rest_route=%2Fwp%2Fv2%2Fmedia&parent=1241"}],"wp:term":[{"taxonomy":"category","embeddable":true,"href":"https:\/\/www.framici.de\/index.php?rest_route=%2Fwp%2Fv2%2Fcategories&post=1241"},{"taxonomy":"post_tag","embeddable":true,"href":"https:\/\/www.framici.de\/index.php?rest_route=%2Fwp%2Fv2%2Ftags&post=1241"}],"curies":[{"name":"wp","href":"https:\/\/api.w.org\/{rel}","templated":true}]}}